{"id":913,"date":"2015-07-19T10:22:56","date_gmt":"2015-07-19T08:22:56","guid":{"rendered":"http:\/\/teczacpt.pl\/blog\/?p=913"},"modified":"2017-07-08T16:54:22","modified_gmt":"2017-07-08T14:54:22","slug":"jak-popelnic-samobojstwo","status":"publish","type":"post","link":"https:\/\/teczacpt.pl\/blog\/jak-popelnic-samobojstwo\/","title":{"rendered":"Jak pope\u0142ni\u0107 samob\u00f3jstwo?"},"content":{"rendered":"<p style=\"text-align: justify;\">Jaki\u015b czas temu \u2013 mo\u017ce to by\u0142o p\u00f3\u0142 roku, mo\u017ce wcze\u015bniej \u2013 Robert zacz\u0105\u0142 si\u0119 czu\u0107 bardzo nieswojo. Przesta\u0142 widzie\u0107 sens tego wszystkiego. A\u017c dzisiaj, w ko\u0144cu w wyszukiwarce wpisa\u0142 t\u0119 fraz\u0119: jak pope\u0142ni\u0107 samob\u00f3jstwo?<\/p>\n<p style=\"text-align: justify;\"><!--more--><\/p>\n<p style=\"text-align: justify;\">Robert to m\u0105dry i typowy 16-latek, kt\u00f3ry nagle po prostu straci\u0142 sens \u017cycia. Na pocz\u0105tku ci\u0105gle chodzi\u0142 zm\u0119czony, apatyczny, nic mu si\u0119 nie chcia\u0142o. Z racji tego, \u017ce by\u0142 do\u015b\u0107 ambitny, to zacz\u0105\u0142 si\u0119 na siebie z\u0142o\u015bci\u0107, \u017ce marnuje w ten spos\u00f3b czas. Ale nie wiedzia\u0142, dlaczego tak si\u0119 dzieje, przecie\u017c sypia\u0142 normalnie.<\/p>\n<p style=\"text-align: justify;\">Potem niech\u0119\u0107 robienia czegokolwiek przerodzi\u0142a si\u0119 w poczucie totalnej pustki. Przesta\u0142 widzie\u0107 sens swojego dalszego \u017cycia, nic go nie cieszy\u0142o, nic go nie smuci\u0142o. Zastanawia\u0142 si\u0119, dlaczego tak jest. W szkole, jak to w szkole, niekt\u00f3rzy s\u0105 podli, ale jako\u015b si\u0119 tak znosi. W domu, mo\u017ce nie jest jako\u015b super, ale rodzic\u00f3w sta\u0107 na to, \u017ce czasem pojad\u0105 na wakacje, biedy nie ma, patologii, awantur i wi\u0119kszych k\u0142\u00f3tni \u2013 te\u017c nie. \u2013<i> O co mi w og\u00f3le chodzi? <\/i>\u2013 Robert pyta\u0142 sam siebie. W ko\u0144cu przesta\u0142 pyta\u0107 i zacz\u0105\u0142 my\u015ble\u0107 o jednej, jedynej rzeczy. O w\u0142asnej \u015bmierci.<\/p>\n<p style=\"text-align: justify;\">W zesz\u0142ym roku w Polsce na swoje \u017cycie targn\u0119\u0142o si\u0119 10\u00a0207 os\u00f3b. Niestety, ponad po\u0142owa z nich (6\u00a0165) zrobi\u0142a to skutecznie. Ludzie, kt\u00f3rzy pr\u00f3buj\u0105 pope\u0142ni\u0107 samob\u00f3jstwo najcz\u0119\u015bciej tkwi\u0105 ju\u017c w skrajnej bezsilno\u015bci i poczuciu beznadziejno\u015bci \u2013 nie potrafi\u0105 dostrzec \u017cadnej nadziei i \u017cadnego sensu swojej dalszej egzystencji. Powod\u00f3w mo\u017ce by\u0107 wiele: depresja, k\u0142opoty osobiste, zawodowe, rodzinne\u2026<\/p>\n<p style=\"text-align: justify;\">Niezale\u017cnie od tego, jakiej natury s\u0105 przyczyny my\u015bli samob\u00f3jczych, to musisz pami\u0119ta\u0107, \u017ce poczucie ca\u0142kowitej beznadziejno\u015b\u0107 NAPRAWD\u0118 JEST TYLKO Z\u0141UDZENIEM. Niezale\u017cnie od tego, jak trudna jest twoja aktualna sytuacja \u2013 jeste\u015b w zaawansowanym stadium depresji, masz ogromne d\u0142ugi, \u017cycie rodzinne to piek\u0142o, gnoj\u0105 ci\u0119 w pracy, albo w szkole \u2013 ZAWSZE JEST WYJ\u015aCIE. Je\u017celi nie potrafisz ju\u017c sam go dostrzec, to pami\u0119taj, \u017ce istniej\u0105 ludzie, kt\u00f3rzy pomog\u0105 Ci to zrobi\u0107. Pomog\u0105 Ci znale\u017a\u0107 to wyj\u015bcie. Musisz zrobi\u0107 tylko ten jeden, najwa\u017cniejszy i najtrudniejszy krok. Porozmawiaj z nimi.<\/p>\n<p style=\"text-align: justify;\">Poszukaj terapeuty, id\u017a do szkolnego psychologa, pedagoga lub je\u017celi wierzysz \u2013 udaj si\u0119 do ksi\u0119dza. Je\u017celi boisz si\u0119 spotkania twarz\u0105 w twarz z kim\u015b, kto mo\u017ce ci pom\u00f3c, to zadzwo\u0144 pod specjalny, bezp\u0142atny numer dla os\u00f3b, kt\u00f3re maj\u0105 my\u015bli samob\u00f3jcze:<\/p>\n<p style=\"text-align: justify;\">116\u00a0123 \u2013 dla doros\u0142ych<\/p>\n<p style=\"text-align: justify;\">116\u00a0111 \u2013 dla dzieci<\/p>\n<h4 style=\"text-align: center;\"><strong>Je\u017celi Ty ju\u017c nie widzisz sensu, zaufaj nam \u2013 oni pomog\u0105 ci znale\u017a\u0107 go na nowo.<\/strong><\/h4>\n","protected":false},"excerpt":{"rendered":"<p>Jaki\u015b czas temu \u2013 mo\u017ce to by\u0142o p\u00f3\u0142 roku, mo\u017ce wcze\u015bniej \u2013 Robert zacz\u0105\u0142 si\u0119 czu\u0107 bardzo nieswojo. Przesta\u0142 widzie\u0107 sens tego wszystkiego. A\u017c dzisiaj, w ko\u0144cu w wyszukiwarce wpisa\u0142 t\u0119 fraz\u0119: jak pope\u0142ni\u0107 samob\u00f3jstwo?<\/p>\n","protected":false},"author":2,"featured_media":914,"comment_status":"closed","ping_status":"closed","sticky":false,"template":"","format":"standard","meta":{"footnotes":""},"categories":[2],"tags":[35,223,225,220,226,224,30],"_links":{"self":[{"href":"https:\/\/teczacpt.pl\/blog\/wp-json\/wp\/v2\/posts\/913"}],"collection":[{"href":"https:\/\/teczacpt.pl\/blog\/wp-json\/wp\/v2\/posts"}],"about":[{"href":"https:\/\/teczacpt.pl\/blog\/wp-json\/wp\/v2\/types\/post"}],"author":[{"embeddable":true,"href":"https:\/\/teczacpt.pl\/blog\/wp-json\/wp\/v2\/users\/2"}],"replies":[{"embeddable":true,"href":"https:\/\/teczacpt.pl\/blog\/wp-json\/wp\/v2\/comments?post=913"}],"version-history":[{"count":7,"href":"https:\/\/teczacpt.pl\/blog\/wp-json\/wp\/v2\/posts\/913\/revisions"}],"predecessor-version":[{"id":1129,"href":"https:\/\/teczacpt.pl\/blog\/wp-json\/wp\/v2\/posts\/913\/revisions\/1129"}],"wp:featuredmedia":[{"embeddable":true,"href":"https:\/\/teczacpt.pl\/blog\/wp-json\/wp\/v2\/media\/914"}],"wp:attachment":[{"href":"https:\/\/teczacpt.pl\/blog\/wp-json\/wp\/v2\/media?parent=913"}],"wp:term":[{"taxonomy":"category","embeddable":true,"href":"https:\/\/teczacpt.pl\/blog\/wp-json\/wp\/v2\/categories?post=913"},{"taxonomy":"post_tag","embeddable":true,"href":"https:\/\/teczacpt.pl\/blog\/wp-json\/wp\/v2\/tags?post=913"}],"curies":[{"name":"wp","href":"https:\/\/api.w.org\/{rel}","templated":true}]}}