{"id":904,"date":"2015-07-11T00:07:53","date_gmt":"2015-07-10T22:07:53","guid":{"rendered":"http:\/\/teczacpt.pl\/blog\/?p=904"},"modified":"2017-03-07T18:35:26","modified_gmt":"2017-03-07T17:35:26","slug":"kiedy-dziecko-czegos-sie-boi-bajki-terapeutyczne","status":"publish","type":"post","link":"https:\/\/teczacpt.pl\/blog\/kiedy-dziecko-czegos-sie-boi-bajki-terapeutyczne\/","title":{"rendered":"Kiedy dziecko czego\u015b si\u0119 boi\u2026 &#8211; Bajki terapeutyczne"},"content":{"rendered":"<p style=\"text-align: justify;\">Ola \u2013 c\u00f3rka Romka wczoraj sko\u0144czy\u0142a 6 lat. Teraz jest na tym dziwnym etapie, podczas kt\u00f3rego dzieci odczuwaj\u0105 strach przed ciemno\u015bci\u0105 i trudno jej si\u0119 zasypia. Jest ju\u017c du\u017ca, a i tak boi si\u0119 potwora w szafie\u2026 Romek postanowi\u0142 wi\u0119c spr\u00f3bowa\u0107 opowiada\u0107 jej bajki terapeutyczne.<\/p>\n<p style=\"text-align: justify;\"><a href=\"http:\/\/teczacpt.pl\/blog\/wp-content\/uploads\/2015\/07\/narrative-794978_1280.jpg\"><img loading=\"lazy\" decoding=\"async\" class=\"aligncenter size-large wp-image-906\" alt=\"narrative-794978_1280\" src=\"http:\/\/teczacpt.pl\/blog\/wp-content\/uploads\/2015\/07\/narrative-794978_1280-1024x576.jpg\" width=\"603\" height=\"339\" srcset=\"https:\/\/teczacpt.pl\/blog\/wp-content\/uploads\/2015\/07\/narrative-794978_1280-1024x576.jpg 1024w, https:\/\/teczacpt.pl\/blog\/wp-content\/uploads\/2015\/07\/narrative-794978_1280-300x168.jpg 300w, https:\/\/teczacpt.pl\/blog\/wp-content\/uploads\/2015\/07\/narrative-794978_1280.jpg 1280w\" sizes=\"(max-width: 603px) 100vw, 603px\" \/><\/a><!--more--><\/p>\n<p style=\"text-align: justify;\">Ola nawet jak by\u0142a ma\u0142a, nie mia\u0142a wi\u0119kszych problem\u00f3w z zasypianiem. Zacz\u0119\u0142y si\u0119 one na miesi\u0105c przed planowanym p\u00f3j\u015bciem do pierwszej klasy. Dziewczynka ma dopiero 6 lat, ale jest bardzo zdolna, wszyscy m\u00f3wi\u0105, \u017ce ju\u017c si\u0119 nadaje\u2026 Tylko ma\u0142a, zacz\u0119\u0142a by\u0107 niespokojna i nie mo\u017ce sama zasn\u0105\u0107.<\/p>\n<p style=\"text-align: justify;\">Krzysztof &#8211; znajomy psycholog &#8211; powiedzia\u0142 Romkowi, \u017ce l\u0119k ten mo\u017ce by\u0107 zwi\u0105zany z ogromn\u0105 zmian\u0105 w \u017cyciu ma\u0142ej Oli, jakim jest rozpocz\u0119cie nauki w szkole. Krzysztof podpowiedzia\u0142 te\u017c, \u017ce warto spr\u00f3bowa\u0107 \u201edomowych sposob\u00f3w\u201d na terapi\u0119. Jednym z nich s\u0105 specjalne bajki terapeutyczne. Romek postanowi\u0142 wi\u0119c wypr\u00f3bowa\u0107 tej metody, kto wie \u2013 mo\u017ce wystarczy?<\/p>\n<p style=\"text-align: justify;\">Bajki terapeutyczne s\u0105 przeznaczone dla dzieci w wieku od 3 do 9 lat. To opowie\u015bci, kt\u00f3re s\u0105 u\u0142o\u017cone w taki spos\u00f3b, aby najm\u0142odsi mogli identyfikowa\u0107 si\u0119 z ich bohaterem. Bohater ten prze\u017cywa okre\u015blone problemy i pewne k\u0142opoty oraz zwi\u0105zany z nimi l\u0119k, kt\u00f3ry zostaje jednak pokonany. Dobieranie bajek z sytuacjami podobnymi do problem\u00f3w naszego dziecka pozwala malcowi na szybkie uto\u017csamienie si\u0119 z bohaterem, prze\u017cycie jego historii, a co za tym idzie: zrozumienie, \u017ce strach i stres s\u0105 naturalne i daj\u0105 si\u0119 pokona\u0107. To bardzo \u0142atwy spos\u00f3b na wyt\u0142umaczenie naszemu dziecku, jak radzi\u0107 sobie z problemami niesionymi przez \u017cycie.<\/p>\n","protected":false},"excerpt":{"rendered":"<p>Ola \u2013 c\u00f3rka Romka wczoraj sko\u0144czy\u0142a 6 lat. Teraz jest na tym dziwnym etapie, podczas kt\u00f3rego dzieci odczuwaj\u0105 strach przed ciemno\u015bci\u0105 i trudno jej si\u0119 zasypia. Jest ju\u017c du\u017ca, a i tak boi si\u0119 potwora w szafie\u2026 Romek&#8230; <a class=\"read-more\" href=\"https:\/\/teczacpt.pl\/blog\/kiedy-dziecko-czegos-sie-boi-bajki-terapeutyczne\/\">Czytaj dalej<\/a><\/p>\n","protected":false},"author":2,"featured_media":0,"comment_status":"closed","ping_status":"closed","sticky":false,"template":"","format":"standard","meta":{"footnotes":""},"categories":[4],"tags":[222,121,80,62],"_links":{"self":[{"href":"https:\/\/teczacpt.pl\/blog\/wp-json\/wp\/v2\/posts\/904"}],"collection":[{"href":"https:\/\/teczacpt.pl\/blog\/wp-json\/wp\/v2\/posts"}],"about":[{"href":"https:\/\/teczacpt.pl\/blog\/wp-json\/wp\/v2\/types\/post"}],"author":[{"embeddable":true,"href":"https:\/\/teczacpt.pl\/blog\/wp-json\/wp\/v2\/users\/2"}],"replies":[{"embeddable":true,"href":"https:\/\/teczacpt.pl\/blog\/wp-json\/wp\/v2\/comments?post=904"}],"version-history":[{"count":3,"href":"https:\/\/teczacpt.pl\/blog\/wp-json\/wp\/v2\/posts\/904\/revisions"}],"predecessor-version":[{"id":908,"href":"https:\/\/teczacpt.pl\/blog\/wp-json\/wp\/v2\/posts\/904\/revisions\/908"}],"wp:attachment":[{"href":"https:\/\/teczacpt.pl\/blog\/wp-json\/wp\/v2\/media?parent=904"}],"wp:term":[{"taxonomy":"category","embeddable":true,"href":"https:\/\/teczacpt.pl\/blog\/wp-json\/wp\/v2\/categories?post=904"},{"taxonomy":"post_tag","embeddable":true,"href":"https:\/\/teczacpt.pl\/blog\/wp-json\/wp\/v2\/tags?post=904"}],"curies":[{"name":"wp","href":"https:\/\/api.w.org\/{rel}","templated":true}]}}