{"id":843,"date":"2015-06-05T16:06:04","date_gmt":"2015-06-05T14:06:04","guid":{"rendered":"http:\/\/teczacpt.pl\/blog\/?p=843"},"modified":"2017-03-07T18:35:27","modified_gmt":"2017-03-07T17:35:27","slug":"dlaczego-alkoholizm-temat-tabu","status":"publish","type":"post","link":"https:\/\/teczacpt.pl\/blog\/dlaczego-alkoholizm-temat-tabu\/","title":{"rendered":"Dlaczego alkoholizm to temat TABU?"},"content":{"rendered":"<p style=\"text-align: justify;\">Przyszed\u0142 czerwiec i d\u0142ugi weekend. Przysz\u0142a pi\u0119kna, s\u0142oneczna pogoda. Przyszed\u0142 sezon na grillowanie. Znajomi z pracy \u2013 z uprzejmo\u015bci \u2013 zaprosili Romka na wiecz\u00f3r przy kie\u0142basce i piwie. Romek postanowi\u0142 jednak z tego zaproszenia nie skorzysta\u0107. Jak wyt\u0142umaczy kolegom, \u017ce nie napije si\u0119 pije piwa, bo jest trze\u017awy od 6 miesi\u0119cy?<\/p>\n<p style=\"text-align: justify;\"><a href=\"http:\/\/teczacpt.pl\/blog\/wp-content\/uploads\/2015\/06\/beer-681807_1280.jpg\"><img loading=\"lazy\" decoding=\"async\" class=\"aligncenter size-large wp-image-844\" alt=\"beer-681807_1280\" src=\"http:\/\/teczacpt.pl\/blog\/wp-content\/uploads\/2015\/06\/beer-681807_1280-1024x680.jpg\" width=\"603\" height=\"400\" srcset=\"https:\/\/teczacpt.pl\/blog\/wp-content\/uploads\/2015\/06\/beer-681807_1280-1024x680.jpg 1024w, https:\/\/teczacpt.pl\/blog\/wp-content\/uploads\/2015\/06\/beer-681807_1280-300x199.jpg 300w, https:\/\/teczacpt.pl\/blog\/wp-content\/uploads\/2015\/06\/beer-681807_1280.jpg 1280w\" sizes=\"(max-width: 603px) 100vw, 603px\" \/><\/a><!--more--><\/p>\n<p style=\"text-align: justify;\">Kiedy ponad p\u00f3\u0142 roku temu, Romek znowu obudzi\u0142 si\u0119 na \u0142awce obok domu zamiast w swoim \u0142\u00f3\u017cku, to w ko\u0144cu zrozumia\u0142, \u017ce ma problem z alkoholem. Zawsze by\u0142 dusz\u0105 towarzystwa i na ka\u017cdej imprezie, czy przyjacielskim spotkaniu zabawia\u0142 wszystkich wok\u00f3\u0142. W pewnym momencie przesta\u0142 jednak kontrolowa\u0107 spo\u017cywane przez siebie ilo\u015bci trunk\u00f3w i pi\u0142 do tego stopnia, \u017ce traci\u0142 \u015bwiadomo\u015b\u0107. I tak wygl\u0105da\u0142o ka\u017cde jego wyj\u015bcie z domu.<\/p>\n<p style=\"text-align: justify;\">A przecie\u017c jest ambitnym, m\u0142odym cz\u0142owiekiem. \u015awie\u017co po \u015blubie, szcz\u0119\u015bliwie zakochany. W pracy jest nieco presji i trzeba si\u0119 troch\u0119 rozlu\u017ani\u0107&#8230;. Tylko co\u015b uciek\u0142o spod kontroli. Nie wiadomo kiedy, nie wiadomo dlaczego, nie wiadomo jak.<\/p>\n<p style=\"text-align: justify;\">Romek uda\u0142 si\u0119 do psychoterapeuty i dowiedzia\u0142 si\u0119, \u017ce jest alkoholikiem. W tym jednym momencie poczu\u0142 do siebie ogromny niesmak i zgorszenie. \u017bona troch\u0119 si\u0119 za\u0142ama\u0142a i ci\u0105gle udaje, \u017ce to nic takiego, \u017ce dadz\u0105 sobie z tym rad\u0119. Widzi jednak, \u017ce nie patrzy ju\u017c na niego tak, jak w dniu zar\u0119czyn i \u015blubu.<\/p>\n<p style=\"text-align: justify;\">Skoro sam nie mo\u017ce patrze\u0107 na swoje oblicze w lustrze, to jak jego znajomi maj\u0105 nie szydzi\u0107 z niego? Na ich miejscu zrobi\u0142by to samo&#8230; &#8222;Patrzcie! To ten, kt\u00f3ry nie potrafi si\u0119 kontrolowa\u0107. Jak mo\u017cna takiemu powierzy\u0107 biznes? Przecie\u017c to samo dno\u2026&#8221;<\/p>\n<p style=\"text-align: justify;\">Dlatego Romek trzyma swoj\u0105 chorob\u0119 w sekrecie przed ca\u0142ym otoczeniem. Bo to wstyd. I straszna pora\u017cka.<\/p>\n<p style=\"text-align: justify;\"><b>TABU nie pomaga<\/b><\/p>\n<p style=\"text-align: justify;\">W naszym spo\u0142ecze\u0144stwie tematyka uzale\u017cnie\u0144 i zaburze\u0144 psychicznych jest wci\u0105\u017c tematem wstydliwym. Ludzie cierpi\u0105cy na te przypad\u0142o\u015bci s\u0105 cz\u0119sto izolowani przez spo\u0142ecze\u0144stwo, pi\u0119tnowani, uwa\u017cani za gorszych, s\u0142abszych, a nawet: mniej wartych.<\/p>\n<p style=\"text-align: justify;\">Nale\u017cy jednak pami\u0119ta\u0107, \u017ce tak jak w przypadku innych zaburze\u0144 zdrowotnych, alkoholizm jest przede wszystkim chorob\u0105. Jedynym, co odr\u00f3\u017cnia go od bardziej \u201ecielesnych\u201d dolegliwo\u015bci jest to, \u017ce leczenie zale\u017cy przede wszystkim od samego pacjenta oraz tego, czy jest \u015bwiadomy swojego problemu i czy chce go pokona\u0107.<\/p>\n<p style=\"text-align: justify;\">Je\u017celi wi\u0119c mamy do czynienia z osob\u0105, kt\u00f3ra jest w trakcie leczenia alkoholizmu, to nie powinni\u015bmy jej ocenia\u0107 przez pryzmat choroby, ale przez pryzmat si\u0142y tegi cz\u0142owieka, o kt\u00f3rej \u015bwiadczy ch\u0119\u0107 zwalczenia uzale\u017cnienia. To w\u0142a\u015bnie ta decyzja i utrzymanie w niej s\u0105 najtrudniejszymi cz\u0119\u015bciami leczenia. Niestety, procesowi temu nie pomaga przypisywany na\u0142ogowi wstydliwy charakter i brak wsparcia ze strony otoczenia i bliskich. Nasza pomoc powinna wi\u0119c opiera\u0107 si\u0119 na wspieraniu lecz\u0105cego si\u0119 alkoholika, a nie szykanowaniu go za chorob\u0119. Podj\u0119cie walki z uzale\u017cnieniem wymaga bowiem niesamowitego samozaparcia, kt\u00f3rego mog\u0142oby zabrakn\u0105\u0107 niejednej w pe\u0142ni zdrowej osobie.<\/p>\n","protected":false},"excerpt":{"rendered":"<p>Przyszed\u0142 czerwiec i d\u0142ugi weekend. Przysz\u0142a pi\u0119kna, s\u0142oneczna pogoda. Przyszed\u0142 sezon na grillowanie. Znajomi z pracy \u2013 z uprzejmo\u015bci \u2013 zaprosili Romka na wiecz\u00f3r przy kie\u0142basce i piwie. Romek postanowi\u0142 jednak z tego zaproszenia nie skorzysta\u0107. Jak wyt\u0142umaczy&#8230; <a class=\"read-more\" href=\"https:\/\/teczacpt.pl\/blog\/dlaczego-alkoholizm-temat-tabu\/\">Czytaj dalej<\/a><\/p>\n","protected":false},"author":2,"featured_media":0,"comment_status":"closed","ping_status":"closed","sticky":false,"template":"","format":"standard","meta":{"footnotes":""},"categories":[2],"tags":[82,12,56,196,195,9],"_links":{"self":[{"href":"https:\/\/teczacpt.pl\/blog\/wp-json\/wp\/v2\/posts\/843"}],"collection":[{"href":"https:\/\/teczacpt.pl\/blog\/wp-json\/wp\/v2\/posts"}],"about":[{"href":"https:\/\/teczacpt.pl\/blog\/wp-json\/wp\/v2\/types\/post"}],"author":[{"embeddable":true,"href":"https:\/\/teczacpt.pl\/blog\/wp-json\/wp\/v2\/users\/2"}],"replies":[{"embeddable":true,"href":"https:\/\/teczacpt.pl\/blog\/wp-json\/wp\/v2\/comments?post=843"}],"version-history":[{"count":2,"href":"https:\/\/teczacpt.pl\/blog\/wp-json\/wp\/v2\/posts\/843\/revisions"}],"predecessor-version":[{"id":846,"href":"https:\/\/teczacpt.pl\/blog\/wp-json\/wp\/v2\/posts\/843\/revisions\/846"}],"wp:attachment":[{"href":"https:\/\/teczacpt.pl\/blog\/wp-json\/wp\/v2\/media?parent=843"}],"wp:term":[{"taxonomy":"category","embeddable":true,"href":"https:\/\/teczacpt.pl\/blog\/wp-json\/wp\/v2\/categories?post=843"},{"taxonomy":"post_tag","embeddable":true,"href":"https:\/\/teczacpt.pl\/blog\/wp-json\/wp\/v2\/tags?post=843"}],"curies":[{"name":"wp","href":"https:\/\/api.w.org\/{rel}","templated":true}]}}