{"id":668,"date":"2015-01-05T09:00:23","date_gmt":"2015-01-05T08:00:23","guid":{"rendered":"http:\/\/teczacpt.pl\/blog\/?p=668"},"modified":"2017-03-07T18:35:29","modified_gmt":"2017-03-07T17:35:29","slug":"noworoczna-pewnosc-siebie","status":"publish","type":"post","link":"https:\/\/teczacpt.pl\/blog\/noworoczna-pewnosc-siebie\/","title":{"rendered":"Noworoczna pewno\u015b\u0107 siebie"},"content":{"rendered":"<p><a href=\"http:\/\/teczacpt.pl\/blog\/wp-content\/uploads\/2015\/01\/Bez-nazwy.png\"><img loading=\"lazy\" decoding=\"async\" class=\"size-full wp-image-669 alignnone\" alt=\"Bez nazwy\" src=\"http:\/\/teczacpt.pl\/blog\/wp-content\/uploads\/2015\/01\/Bez-nazwy.png\" width=\"750\" height=\"500\" srcset=\"https:\/\/teczacpt.pl\/blog\/wp-content\/uploads\/2015\/01\/Bez-nazwy.png 750w, https:\/\/teczacpt.pl\/blog\/wp-content\/uploads\/2015\/01\/Bez-nazwy-300x200.png 300w\" sizes=\"(max-width: 750px) 100vw, 750px\" \/><\/a><\/p>\n<p>W zesz\u0142ym tygodniu m\u00f3wili\u015bmy o postanowieniach na Nowy Rok. Teraz ze s\u0142\u00f3w przejdziemy do czyn\u00f3w.<\/p>\n<p style=\"text-align: justify;\"><!--more--><\/p>\n<p style=\"text-align: justify;\">Podejmowanie noworocznych wyzwa\u0144 jest \u015bci\u015ble zwi\u0105zane z ch\u0119ci\u0105 pracy nad sob\u0105. To dobry, pierwszy krok w d\u0105\u017ceniu do pe\u0142nej samoakceptacji, kt\u00f3ra jest gwarancj\u0105 spe\u0142nionego i dobrego \u017cycia. By\u0107 mo\u017ce, Twoim g\u0142\u00f3wnym problemem jest uwierzenie we w\u0142asne mo\u017cliwo\u015bci?<\/p>\n<p style=\"text-align: justify;\">Praca nad pewno\u015bci\u0105 siebie i umiej\u0119tno\u015bci\u0105 autoprezentacji, sta\u0142a si\u0119 jednym z naszych ulubionych temat\u00f3w. Wszystko dlatego, \u017ce nie\u015bmia\u0142o\u015b\u0107 jest niewiarygodnie uci\u0105\u017cliwa i codziennie mo\u017ce wp\u0119dzi\u0107 nas w poczucie dyskomfortu.<\/p>\n<p style=\"text-align: justify;\">\u2013 <em>Chc\u0105c pom\u00f3c wszystkim dla kt\u00f3rych poczucie niepewno\u015bci jest nie lada problemem, w listopadzie (zesz\u0142ego ju\u017c) roku zorganizowali\u015bmy Warsztaty Rozwoju Osobistego \u201eTrening czyni \u015bmia\u0142o\u015b\u0107\u201d<\/em> \u2013 m\u00f3wi psychoterapeutka Renata Borysiak z Prywatnego Centrum Psychologiczno-Terapeutycznego \u201eT\u0119cza\u201d \u2013 <em>Pomys\u0142 ten, okaza\u0142 si\u0119 strza\u0142em w dziesi\u0105tk\u0119. Warsztaty cieszy\u0142y si\u0119 ogromnym zainteresowaniem, a wi\u0119kszo\u015b\u0107 dotychczasowych uczestnik\u00f3w ju\u017c zapowiedzia\u0142a swoj\u0105 obecno\u015b\u0107 na zaawansowanej edycji \u201eTreningu\u201d! Dlatego te\u017c, zdecydowali\u015bmy si\u0119 zamieni\u0107 to wydarzenie z jednorazowego w cykliczne i ju\u017c 25 stycznia, szykujemy 2 edycj\u0119.<\/em><\/p>\n<p style=\"text-align: justify;\">\u201eTrening czyni \u015bmia\u0142o\u015b\u0107\u201d to warsztaty, kt\u00f3rych g\u0142\u00f3wnym zadaniem jest prze\u0142amywanie swojej nie\u015bmia\u0142o\u015bci. Oparte na psychoterapeutycznej i aktorskiej wiedzy prowadz\u0105cych, \u0107wiczenia przyjmuj\u0105 tu form\u0119 \u0107wicze\u0144 teatralnych.<\/p>\n<p style=\"text-align: justify;\">Wbrew wszelkim pozorom warsztaty te nie s\u0105 przeznaczone tylko dla os\u00f3b nie\u015bmia\u0142ych. To wydarzenie skierowane jest do wszystkich, dla kt\u00f3rych umiej\u0119tno\u015bci mi\u0119kkie odgrywaj\u0105 wa\u017cn\u0105 rol\u0119 w ich \u017cyciu. Wliczaj\u0105 si\u0119 do nich publiczne wyst\u0105pienia, odpowiednia komunikacja, dar przekonywania. Nabyta na warsztatach wiedza przyda si\u0119 wi\u0119c nie tylko na polu prywatnym, ale r\u00f3wnie\u017c na polu biznesowym.<\/p>\n<p style=\"text-align: justify;\">Niezapomniany trening pocz\u0105tkuj\u0105cych odb\u0119dzie si\u0119 25 stycznia, a edycja dla os\u00f3b zaawansowanych b\u0119dzie mia\u0142a miejsce 22 lutego.<\/p>\n<p style=\"text-align: justify;\">Dok\u0142adne informacje znajdziecie w aktualno\u015bciach na naszej <a href=\"http:\/\/www.teczacpt.pl\/aktualnosci\">stronie<\/a>.<\/p>\n","protected":false},"excerpt":{"rendered":"<p>W zesz\u0142ym tygodniu m\u00f3wili\u015bmy o postanowieniach na Nowy Rok. Teraz ze s\u0142\u00f3w przejdziemy do czyn\u00f3w.<\/p>\n","protected":false},"author":2,"featured_media":0,"comment_status":"closed","ping_status":"closed","sticky":false,"template":"","format":"standard","meta":{"footnotes":""},"categories":[4],"tags":[45,47,46,132,49],"_links":{"self":[{"href":"https:\/\/teczacpt.pl\/blog\/wp-json\/wp\/v2\/posts\/668"}],"collection":[{"href":"https:\/\/teczacpt.pl\/blog\/wp-json\/wp\/v2\/posts"}],"about":[{"href":"https:\/\/teczacpt.pl\/blog\/wp-json\/wp\/v2\/types\/post"}],"author":[{"embeddable":true,"href":"https:\/\/teczacpt.pl\/blog\/wp-json\/wp\/v2\/users\/2"}],"replies":[{"embeddable":true,"href":"https:\/\/teczacpt.pl\/blog\/wp-json\/wp\/v2\/comments?post=668"}],"version-history":[{"count":3,"href":"https:\/\/teczacpt.pl\/blog\/wp-json\/wp\/v2\/posts\/668\/revisions"}],"predecessor-version":[{"id":672,"href":"https:\/\/teczacpt.pl\/blog\/wp-json\/wp\/v2\/posts\/668\/revisions\/672"}],"wp:attachment":[{"href":"https:\/\/teczacpt.pl\/blog\/wp-json\/wp\/v2\/media?parent=668"}],"wp:term":[{"taxonomy":"category","embeddable":true,"href":"https:\/\/teczacpt.pl\/blog\/wp-json\/wp\/v2\/categories?post=668"},{"taxonomy":"post_tag","embeddable":true,"href":"https:\/\/teczacpt.pl\/blog\/wp-json\/wp\/v2\/tags?post=668"}],"curies":[{"name":"wp","href":"https:\/\/api.w.org\/{rel}","templated":true}]}}