{"id":900,"date":"2015-07-10T22:06:57","date_gmt":"2015-07-10T20:06:57","guid":{"rendered":"http:\/\/teczacpt.pl\/blog\/?p=900"},"modified":"2017-03-07T18:35:26","modified_gmt":"2017-03-07T17:35:26","slug":"nietypowy-alkoholik","status":"publish","type":"post","link":"http:\/\/teczacpt.pl\/blog\/nietypowy-alkoholik\/","title":{"rendered":"Nietypowy alkoholik"},"content":{"rendered":"<p style=\"text-align: justify;\">Pij\u0119 od 5 lat. Jestem nietypowym alkoholikiem \u2013 nigdy nie urz\u0105dza\u0142em awantur, nie le\u017ca\u0142em w rowie. Nie by\u0142em agresywny w stosunku do rodziny. Ja po prostu \u201etylko\u201d pi\u0142em. Nie mia\u0142em motywacji do \u017cycia. Przesta\u0142o mi na nim zale\u017ce\u0107. Czu\u0142em si\u0119 jak wrak cz\u0142owieka. Bardzo cierpia\u0142a na tym moja rodzina. Paradoksalnie znalaz\u0142em w niej obro\u0144c\u0119 \u2013 syn za ka\u017cdym razem, jak \u017cona mia\u0142a do mnie pretensje, stawa\u0142 w mojej obronie. Taka m\u0119ska solidarno\u015b\u0107. My\u015bl\u0119, \u017ce nie do ko\u0144ca zdawa\u0142 sobie spraw\u0119 z rangi problemu. Tak jak ju\u017c wspomnia\u0142em, wymyka\u0142em si\u0119 z spod klasycznej definicji \u201ealkoholika\u201d. Tym gorzej dla mnie, bo zbyt d\u0142ugo sam nie dopuszcza\u0142em do siebie my\u015bli, \u017ce co\u015b jest nie tak. Przecie\u017c normalnie funkcjonowa\u0142em \u2013 pracowa\u0142em, dba\u0142em o rodzin\u0119. To, \u017ce r\u00f3wnocze\u015bnie prze\u017cywa\u0142em wewn\u0119trzne m\u0119ki nie niepokoi\u0142o mnie jako\u015b bardzo. Do czasu. U\u015bwiadomi\u0142em sobie, ze przesta\u0142em czu\u0107 rado\u015b\u0107, przesta\u0142am czu\u0107 cokolwiek poza pragnieniem napicia si\u0119. Gdy ju\u017c si\u0119 napi\u0142em, na moment moje samopoczucie poprawia\u0142o si\u0119 ale to trwa\u0142o bardzo kr\u00f3tko. Potem \u201ewszystko\u201d wraca\u0142o. Ten stan, nazwijmy go cykl, by\u0142a dla mnie niesamowicie m\u0119cz\u0105cy. Czu\u0142em taka pustk\u0119, by\u0142y nawet dni kiedy bardzo chcia\u0142em by to wszystko ju\u017c si\u0119 sko\u0144czy\u0142o. Po prostu nie mia\u0142am ju\u017c dalej si\u0142y ci\u0105gn\u0105\u0107 tego wszystkiego.<\/p>\n<p style=\"text-align: justify;\"><a href=\"http:\/\/teczacpt.pl\/blog\/wp-content\/uploads\/2015\/07\/vodka-350910_1280.jpg\"><img loading=\"lazy\" decoding=\"async\" class=\"aligncenter size-large wp-image-902\" alt=\"vodka-350910_1280\" src=\"http:\/\/teczacpt.pl\/blog\/wp-content\/uploads\/2015\/07\/vodka-350910_1280-1024x682.jpg\" width=\"603\" height=\"401\" srcset=\"http:\/\/teczacpt.pl\/blog\/wp-content\/uploads\/2015\/07\/vodka-350910_1280-1024x682.jpg 1024w, http:\/\/teczacpt.pl\/blog\/wp-content\/uploads\/2015\/07\/vodka-350910_1280-300x199.jpg 300w, http:\/\/teczacpt.pl\/blog\/wp-content\/uploads\/2015\/07\/vodka-350910_1280.jpg 1280w\" sizes=\"(max-width: 603px) 100vw, 603px\" \/><\/a><!--more--><\/p>\n<p style=\"text-align: justify;\"><b>Praca i przyja\u017a\u0144<\/b><\/p>\n<p style=\"text-align: justify;\">W pracy pocz\u0105tkowo nikt niczego nie podejrzewa\u0142 . To znaczy wiedzieli, \u017ce mam jaki\u015b problem ale nie domy\u015blali si\u0119 jaki. Sam si\u0119 przyzna\u0142em paru zaufanym osobom. Zaufanym to ma\u0142o powiedziane. Prawdziwym przyjacio\u0142om, kt\u00f3rzy postanowili mi pom\u00f3c. Nie zosta\u0142em z problemem sam. Szukali dla mnie pomocy. Wtedy nie potrafi\u0142em tego doceni\u0107, czu\u0142em si\u0119 samotny i niezrozumiany. Teraz, kiedy patrz\u0119 na to wszystko z pewnego dystansu, wiem \u017ce mam niesamowite szcz\u0119\u015bcie do ludzi.<\/p>\n<p style=\"text-align: justify;\"><b>Trudny pocz\u0105tek<\/b><\/p>\n<p style=\"text-align: justify;\">Trafi\u0142em do szpitala, czu\u0142em si\u0119 fatalnie (5 lat temu).<\/p>\n<p style=\"text-align: justify;\">Kiedy u\u015bwiadomi\u0142em sobie, \u017ce jestem alkoholikiem postanowi\u0142em zapisa\u0107 si\u0119 do grupy terapeutycznej. Wtedy faktycznie nie pi\u0142em. Du\u017co dawa\u0142o mi to, \u017ce spotka\u0142em ludzi z takim samym problemem. Rozmowy z nimi by\u0142y dla mnie koj\u0105ce i dawa\u0142y si\u0142\u0119 do dalszej walki. Niestety na kr\u00f3tko. Pewnego dnia terapeuta nie przyszed\u0142\u00a0 i nagle okaza\u0142o si\u0119, \u017ce mam du\u017co wolnego czasu. Mia\u0142em z koleg\u0105 pogra\u0107 w pi\u0142k\u0119, jako\u015b tak wysz\u0142o, \u017ce jednak on nie m\u00f3g\u0142. Pomy\u015bla\u0142em o p\u00f3j\u015bciu na basen, niestety by\u0142o ju\u017c bardzo p\u00f3\u017ano, nie op\u0142aca\u0142o mi si\u0119 to. Co zrobi\u0142em?\u00a0 Znowu zacz\u0105\u0142em pi\u0107.<\/p>\n<p style=\"text-align: justify;\">By\u0142em w \u017cyciu na dw\u00f3ch detoksach. Po ostatnim ju\u017c wiedzia\u0142em \u2013 je\u015bli nie przestan\u0119, po prostu na\u0142\u00f3g mnie zabije. Mia\u0142em ostatni\u0105 szans\u0119. Odwiedzi\u0142em Kobierzyn, ale to nie by\u0142o miejsce dla mnie. Nie by\u0142em \u201etakim alkoholikiem\u201d. Trafi\u0142em do \u201eT\u0119czy\u201d. Z ogromn\u0105 ch\u0119ci\u0105 zmiany swojego \u017cycia ale bez wiary, \u017ce mog\u0119 je zmieni\u0107.<\/p>\n<p style=\"text-align: justify;\"><b>Dam rad\u0119<\/b><\/p>\n<p style=\"text-align: justify;\">Pierwsze dni w o\u015brodku nie by\u0142y \u0142atwe. Zreszt\u0105 nie spodziewa\u0142em si\u0119, \u017ce takie b\u0119d\u0105. Czeka\u0142em na prze\u0142om. W ko\u0144cu nast\u0105pi\u0142 \u2013 pewnego dnia obudzi\u0142em si\u0119 w dobrym nastroju, nic mnie nie bola\u0142o, nic nie rozprasza\u0142o. Wiedzia\u0142em jedno \u2013 chc\u0119 si\u0119 tak czu\u0107 przez reszt\u0119 mojego \u017cycia. Bardzo chc\u0119! Piel\u0119gnuj\u0119 w sobie to odczucie. Wtedy tak naprawd\u0119 uwierzy\u0142em, \u017ce mog\u0119, \u017ce mam w sobie tyle si\u0142y, by da\u0107 rad\u0119. Nied\u0142ugo wychodz\u0119, oczywi\u015bcie troch\u0119 si\u0119 tego boj\u0119. B\u0119d\u0119 walczy\u0142 \u2013 dla rodziny, przyjaci\u00f3\u0142 i dla TEGO poranka, kiedy w ko\u0144cu poczu\u0142em si\u0119 jak cz\u0142owiek. Mam por\u00f3wnanie, wiem, \u017ce warto podj\u0105\u0107 trud.<\/p>\n<p style=\"text-align: justify;\"><b>C.D.N<\/b><\/p>\n","protected":false},"excerpt":{"rendered":"<p>Pij\u0119 od 5 lat. Jestem nietypowym alkoholikiem \u2013 nigdy nie urz\u0105dza\u0142em awantur, nie le\u017ca\u0142em w rowie. Nie by\u0142em agresywny w stosunku do rodziny. Ja po prostu \u201etylko\u201d pi\u0142em. Nie mia\u0142em motywacji do \u017cycia. Przesta\u0142o mi na nim zale\u017ce\u0107&#8230;. <a class=\"read-more\" href=\"http:\/\/teczacpt.pl\/blog\/nietypowy-alkoholik\/\">Czytaj dalej<\/a><\/p>\n","protected":false},"author":2,"featured_media":0,"comment_status":"closed","ping_status":"closed","sticky":false,"template":"","format":"standard","meta":{"footnotes":""},"categories":[2],"tags":[82,12,52,56,221,53,75,55,9],"_links":{"self":[{"href":"http:\/\/teczacpt.pl\/blog\/wp-json\/wp\/v2\/posts\/900"}],"collection":[{"href":"http:\/\/teczacpt.pl\/blog\/wp-json\/wp\/v2\/posts"}],"about":[{"href":"http:\/\/teczacpt.pl\/blog\/wp-json\/wp\/v2\/types\/post"}],"author":[{"embeddable":true,"href":"http:\/\/teczacpt.pl\/blog\/wp-json\/wp\/v2\/users\/2"}],"replies":[{"embeddable":true,"href":"http:\/\/teczacpt.pl\/blog\/wp-json\/wp\/v2\/comments?post=900"}],"version-history":[{"count":3,"href":"http:\/\/teczacpt.pl\/blog\/wp-json\/wp\/v2\/posts\/900\/revisions"}],"predecessor-version":[{"id":1079,"href":"http:\/\/teczacpt.pl\/blog\/wp-json\/wp\/v2\/posts\/900\/revisions\/1079"}],"wp:attachment":[{"href":"http:\/\/teczacpt.pl\/blog\/wp-json\/wp\/v2\/media?parent=900"}],"wp:term":[{"taxonomy":"category","embeddable":true,"href":"http:\/\/teczacpt.pl\/blog\/wp-json\/wp\/v2\/categories?post=900"},{"taxonomy":"post_tag","embeddable":true,"href":"http:\/\/teczacpt.pl\/blog\/wp-json\/wp\/v2\/tags?post=900"}],"curies":[{"name":"wp","href":"https:\/\/api.w.org\/{rel}","templated":true}]}}