{"id":821,"date":"2015-05-03T11:20:26","date_gmt":"2015-05-03T09:20:26","guid":{"rendered":"http:\/\/teczacpt.pl\/blog\/?p=821"},"modified":"2017-03-30T09:33:20","modified_gmt":"2017-03-30T07:33:20","slug":"moj-synek-ciagle-sie-boi-zaburzenia-lekowe-strach-u-dzieci","status":"publish","type":"post","link":"http:\/\/teczacpt.pl\/blog\/moj-synek-ciagle-sie-boi-zaburzenia-lekowe-strach-u-dzieci\/","title":{"rendered":"M\u00f3j synek ci\u0105gle si\u0119 boi \u2013 zaburzenia l\u0119kowe i strach u dzieci"},"content":{"rendered":"<p style=\"text-align: justify;\">Ela zacz\u0119\u0142a si\u0119 martwi\u0107 o Julka. Ch\u0142opiec ma 9 lat i ci\u0105gle boi si\u0119 ciemno\u015bci. To w sumie jest jeszcze normalne, ale na tym problem si\u0119 nie ko\u0144czy. Najdziwniejsze jest to, \u017ce Julek p\u0142acze prawie przy ka\u017cdym rozstaniu z mam\u0105 i tat\u0105, bo boi si\u0119\u2026 \u017ce co\u015b im si\u0119 stanie, albo umr\u0105.<\/p>\n<p style=\"text-align: justify;\"><a href=\"http:\/\/teczacpt.pl\/blog\/wp-content\/uploads\/2015\/05\/child-438373_1280.jpg\"><img loading=\"lazy\" decoding=\"async\" class=\"aligncenter size-large wp-image-822\" src=\"http:\/\/teczacpt.pl\/blog\/wp-content\/uploads\/2015\/05\/child-438373_1280-1024x652.jpg\" alt=\"child-438373_1280\" width=\"603\" height=\"383\" srcset=\"http:\/\/teczacpt.pl\/blog\/wp-content\/uploads\/2015\/05\/child-438373_1280-1024x652.jpg 1024w, http:\/\/teczacpt.pl\/blog\/wp-content\/uploads\/2015\/05\/child-438373_1280-300x191.jpg 300w, http:\/\/teczacpt.pl\/blog\/wp-content\/uploads\/2015\/05\/child-438373_1280.jpg 1280w\" sizes=\"(max-width: 603px) 100vw, 603px\" \/><\/a><!--more--><\/p>\n<p style=\"text-align: justify;\">Julek zawsze by\u0142 bardzo m\u0105drym i wra\u017cliwym dzieckiem. Ela stara\u0142a si\u0119 jednak nie przejmowa\u0107 tymi \u201edzieci\u0119cymi strachami\u201d, bo wszyscy wok\u00f3\u0142 m\u00f3wili, \u017ce to normalne i \u017ce jeszcze z tego wyro\u015bnie. Ale w zesz\u0142ym tygodniu ch\u0142opak sko\u0144czy\u0142 9 lat i przy ka\u017cdym wyj\u015bciu do szko\u0142y odczuwa l\u0119ki, mo\u017cna nawet powiedzie\u0107, \u017ce wpada w panik\u0119. Co wi\u0119cej, Julek sam zaczyna sobie zdawa\u0107 spraw\u0119 z tego, \u017ce chyba co\u015b jest nie tak. Bo inne dzieci tak nie maj\u0105. I to go jeszcze bardziej denerwuje. Ostatnio Julek przyszed\u0142 do Eli i po chwili ciszy powiedzia\u0142: \u201eMamo, ja chyba za cz\u0119sto si\u0119 boj\u0119, czy Pan Lekarz mi pomo\u017ce?\u201d. Wtedy El\u0119 wmurowa\u0142o.<\/p>\n<p style=\"text-align: justify;\">Zaburzenia l\u0119kowe i cz\u0119sty strach u dzieci mog\u0105 mie\u0107 mn\u00f3stwo przyczyn i odmian. Cz\u0119sto wynikaj\u0105 one z neurotycznej osobowo\u015bci, uraz\u00f3w i traum, nieprawid\u0142owego procesu rozwoju, problem\u00f3w w rodzinie\u2026 Przyczyn jest tak samo wiele, jak samych odmian \u201edzieci\u0119cych strach\u00f3w\u201d.<\/p>\n<p style=\"text-align: justify;\"><b>Strach =\/= l\u0119k<\/b><\/p>\n<p style=\"text-align: justify;\">Aby zrozumie\u0107 ten problem nale\u017cy rozr\u00f3\u017cni\u0107 od siebie uczucia strachu i l\u0119ku oraz wyr\u00f3\u017cni\u0107 l\u0119ki przewlek\u0142e.<\/p>\n<p style=\"text-align: justify;\">Odczuwanie strachu jest wyuczon\u0105 reakcj\u0105 na istniej\u0105ce lub nieistniej\u0105ce zagro\u017cenie. Wraz z ust\u0105pieniem zagro\u017cenia, uczucie to mija. Wyuczenie strachu polega na tym, \u017ce nie jest on nieuzasadniony. Wcze\u015bniej w naszym \u017cyciu, w podobnej sytuacji musia\u0142o wydarzy\u0107 si\u0119 co\u015b niepokoj\u0105cego lub niebezpiecznego. Przyk\u0142adem mo\u017ce by\u0107 strach przed psami, kt\u00f3ry wi\u0105\u017ce si\u0119 z faktem, \u017ce niegdy\u015b takie zwierze ugryz\u0142o nas lub strach przed t\u0142umami ludzi, jako wynik zgubienia si\u0119 w miejscu publicznym.<\/p>\n<p style=\"text-align: justify;\">L\u0119k jest uczuciem bardziej nat\u0119\u017conym i d\u0142ugotrwa\u0142ym, ni\u017c zwyk\u0142e odczuwanie strachu. Podstawow\u0105 r\u00f3\u017cnic\u0105 jest jednak to, \u017ce l\u0119ki mog\u0105 by\u0107 nieuzasadnione i nie musz\u0105 wyst\u0119powa\u0107 \u017cadne czynniki powoduj\u0105ce to nieprzyjemne uczucie.<\/p>\n<p style=\"text-align: justify;\">L\u0119ki przewlek\u0142e s\u0105 stanami, kt\u00f3re wynikaj\u0105 z wypartych do pod\u015bwiadomo\u015bci do\u015bwiadcze\u0144 z przesz\u0142o\u015bci. Mog\u0105 by\u0107 one zwi\u0105zane z doznaniem traumy, okre\u015blonym uzale\u017cnieniem, depresj\u0105, nerwic\u0105 albo typem osobowo\u015bci podatnym na stres i nerwice (np. osobowo\u015b\u0107 neurotyczna lub <a href=\"http:\/\/teczacpt.pl\/blog\/emocje-siegaja-zenitu-osobowosc-borderline\/\">osobowo\u015b\u0107 borderline<\/a>)&#8230; W rzeczywisto\u015bci l\u0119ki przewlek\u0142e wynikaj\u0105 z sumy indywidualnych problem\u00f3w, do\u015bwiadcze\u0144 i cech ka\u017cdego cz\u0142owieka.<\/p>\n<p style=\"text-align: justify;\">W przypadku dzieci niepokoj\u0105cym sygna\u0142em dla ka\u017cdego rodzica powinno by\u0107 przede wszystkim zbyt cz\u0119ste i nieuzasadnione odczuwanie przez pociech\u0119 l\u0119ku lub strachu. Je\u017celi malec za bardzo denerwuje si\u0119 rozstaniem z rodzicami, p\u00f3j\u015bciem do szko\u0142y lub przebywanie w okre\u015blonym miejscu wywo\u0142uje u niego stres, nerwowo\u015b\u0107, a nawet: ataki paniki, to koniecznie powinni\u015bmy poradzi\u0107 si\u0119 specjalisty. W ten spos\u00f3b poznamy przyczyn\u0119 takiego problemu, a psychoterapia pomo\u017ce w jego rozwi\u0105zaniu.<\/p>\n<p style=\"text-align: justify;\">Pami\u0119tajmy jednak, \u017ce nie ka\u017cde odczucie strachu (a nawet l\u0119ku) jest zwi\u0105zane z zaburzeniem. Jako rodzice powinni\u015bmy umie\u0107 odr\u00f3\u017cni\u0107, co jest naturaln\u0105 reakcj\u0105 dziecka na niekomfortow\u0105 sytuacj\u0119, a co jest przesadnym i budz\u0105cym niepok\u00f3j problemem.<\/p>\n","protected":false},"excerpt":{"rendered":"<p>Ela zacz\u0119\u0142a si\u0119 martwi\u0107 o Julka. Ch\u0142opiec ma 9 lat i ci\u0105gle boi si\u0119 ciemno\u015bci. To w sumie jest jeszcze normalne, ale na tym problem si\u0119 nie ko\u0144czy. Najdziwniejsze jest to, \u017ce Julek p\u0142acze prawie przy ka\u017cdym rozstaniu&#8230; <a class=\"read-more\" href=\"http:\/\/teczacpt.pl\/blog\/moj-synek-ciagle-sie-boi-zaburzenia-lekowe-strach-u-dzieci\/\">Czytaj dalej<\/a><\/p>\n","protected":false},"author":2,"featured_media":0,"comment_status":"closed","ping_status":"closed","sticky":false,"template":"","format":"standard","meta":{"footnotes":""},"categories":[4],"tags":[121,161,80,42,187,188,145],"_links":{"self":[{"href":"http:\/\/teczacpt.pl\/blog\/wp-json\/wp\/v2\/posts\/821"}],"collection":[{"href":"http:\/\/teczacpt.pl\/blog\/wp-json\/wp\/v2\/posts"}],"about":[{"href":"http:\/\/teczacpt.pl\/blog\/wp-json\/wp\/v2\/types\/post"}],"author":[{"embeddable":true,"href":"http:\/\/teczacpt.pl\/blog\/wp-json\/wp\/v2\/users\/2"}],"replies":[{"embeddable":true,"href":"http:\/\/teczacpt.pl\/blog\/wp-json\/wp\/v2\/comments?post=821"}],"version-history":[{"count":3,"href":"http:\/\/teczacpt.pl\/blog\/wp-json\/wp\/v2\/posts\/821\/revisions"}],"predecessor-version":[{"id":1056,"href":"http:\/\/teczacpt.pl\/blog\/wp-json\/wp\/v2\/posts\/821\/revisions\/1056"}],"wp:attachment":[{"href":"http:\/\/teczacpt.pl\/blog\/wp-json\/wp\/v2\/media?parent=821"}],"wp:term":[{"taxonomy":"category","embeddable":true,"href":"http:\/\/teczacpt.pl\/blog\/wp-json\/wp\/v2\/categories?post=821"},{"taxonomy":"post_tag","embeddable":true,"href":"http:\/\/teczacpt.pl\/blog\/wp-json\/wp\/v2\/tags?post=821"}],"curies":[{"name":"wp","href":"https:\/\/api.w.org\/{rel}","templated":true}]}}